{"id":38750,"date":"2022-02-09T09:56:21","date_gmt":"2022-02-09T14:56:21","guid":{"rendered":"https:\/\/mjhs1.wpengine.com\/?p=38750"},"modified":"2025-09-08T17:35:15","modified_gmt":"2025-09-08T21:35:15","slug":"christina-van-vort-named-new-chief-legal-officer-of-mjhs-health-system","status":"publish","type":"post","link":"https:\/\/www.mjhs.org\/es\/newsroom\/christina-van-vort-fue-nombrada-nueva-directora-de-asuntos-legales-del-sistema-de-salud-de-mjhs\/","title":{"rendered":"Christina Van Vort fue nombrada nueva directora de Asuntos Legales del sistema de salud de MJHS"},"content":{"rendered":"\n<div class=\"wp-block-media-text alignwide is-stacked-on-mobile\" style=\"grid-template-columns:33% auto\"><figure class=\"wp-block-media-text__media\"><img loading=\"lazy\" decoding=\"async\" width=\"500\" height=\"500\" src=\"https:\/\/mjhs.imgix.net\/2022\/01\/tina_van_vort_500x500.jpg?fm=pjpg\" alt=\"Tina Van Vort\" class=\"wp-image-38721 size-full\" srcset=\"https:\/\/mjhs.imgix.net\/2022\/01\/tina_van_vort_500x500.jpg?fit=scale&amp;fm=pjpg&amp;h=300&amp;w=300 300w, https:\/\/mjhs.imgix.net\/2022\/01\/tina_van_vort_500x500.jpg?fit=crop&amp;fm=pjpg&amp;h=150&amp;w=150 150w, https:\/\/mjhs.imgix.net\/2022\/01\/tina_van_vort_500x500.jpg?fit=scale&amp;fm=pjpg&amp;h=1536&amp;w=1536 1536w, https:\/\/mjhs.imgix.net\/2022\/01\/tina_van_vort_500x500.jpg?fit=scale&amp;fm=pjpg&amp;h=2048&amp;w=2048 2048w, https:\/\/mjhs.imgix.net\/2022\/01\/tina_van_vort_500x500.jpg?fm=pjpg 500w\" sizes=\"auto, (max-width: 500px) 100vw, 500px\" \/><\/figure><div class=\"wp-block-media-text__content\">\n<p>El sistema de salud de MJHS anunci\u00f3 hoy que la abogada veterana de atenci\u00f3n m\u00e9dica Christina Van Vort ha sido nombrada nueva directora de Asuntos Legales, con efecto inmediato. Asume el puesto que anteriormente ocupaba Robert Leamer, quien, tras 24 a\u00f1os en la organizaci\u00f3n sin fines de lucro, pasa a desempe\u00f1ar el cargo de asesor s\u00e9nior de tiempo parcial.<\/p>\n\n\n\n<p>\u201cTras un a\u00f1o de b\u00fasqueda, nos complace que alguien con la amplia experiencia de Tina ocupe este cargo tan importante\u201d, expres\u00f3 David Wagner, presidente y director general del sistema de salud de MJHS. \u201cComo abogada consumada, con una gran experiencia en el \u00e1mbito de la atenci\u00f3n m\u00e9dica, ser\u00e1 una incorporaci\u00f3n muy valiosa para nuestra organizaci\u00f3n\u201d, a\u00f1adi\u00f3 Wagner.<\/p>\n\n\n\n<p>Van Vort trabaj\u00f3 recientemente en Garfunkel Wild, donde fue socia\/directora de la firma de abogados especializada que se dedica exclusivamente a las necesidades legales y empresariales de los clientes de la industria de atenci\u00f3n m\u00e9dica. Durante sus casi 23 a\u00f1os en la firma, ha adquirido una gran experiencia en la resoluci\u00f3n de los problemas legales y normativos a los que se enfrentan los planes de salud y los proveedores de atenci\u00f3n m\u00e9dica, incluidas las agencias de atenci\u00f3n en el hogar y los asilos de ancianos. Su experiencia tambi\u00e9n se extiende a la administraci\u00f3n de organizaciones sin fines de lucro y al derecho corporativo en el sector de la atenci\u00f3n m\u00e9dica.<\/p>\n\n\n\n<p>\u201cMe sent\u00ed atra\u00edda por el sistema de salud de MJHS por su convincente misi\u00f3n\u201d, coment\u00f3 Van Vort. \u201cEstoy ansiosa por trabajar con David y con mis colegas del equipo de liderazgo, para respaldar la excelencia y el crecimiento continuos de la organizaci\u00f3n, y para abordar los desaf\u00edos que enfrenta nuestra industria\u201d, a\u00f1adi\u00f3.<\/p>\n\n\n\n<p>Van Vort comenz\u00f3 su carrera como abogada en Winthrop, Stimson, Putnam &amp; Roberts, actualmente Pillsbury Winthrop Shaw Pittman. Obtuvo el t\u00edtulo de doctora en Derecho en la Facultad de Leyes de Brooklyn y asisti\u00f3 a SUNY Binghamton, donde obtuvo el t\u00edtulo de licenciada en Matem\u00e1ticas con especializaci\u00f3n en Inform\u00e1tica. Adem\u00e1s, habla espa\u00f1ol con fluidez.<\/p>\n<\/div><\/div>\n","protected":false},"excerpt":{"rendered":"<p>MJHS Health System announced today that veteran health care attorney Christina Van Vort has been named the new Chief Legal Officer, effective immediately.<\/p>\n","protected":false},"author":14,"featured_media":0,"comment_status":"open","ping_status":"open","sticky":false,"template":"","format":"standard","meta":{"_acf_changed":false,"_jetpack_memberships_contains_paid_content":false,"footnotes":""},"categories":[1],"class_list":["post-38750","post","type-post","status-publish","format-standard","hentry","category-uncategorized"],"translation":{"provider":"WPGlobus","version":"3.0.2","language":"es","enabled_languages":["en","es"],"languages":{"en":{"title":true,"content":true,"excerpt":true},"es":{"title":true,"content":true,"excerpt":false}}},"acf":[],"yoast_head":"<title>Christina Van Vort fue nombrada nueva directora de Asuntos Legales del sistema de salud de MJHS | MJHS Health System<\/title>\n<meta name=\"robots\" content=\"index, follow, max-snippet:-1, max-image-preview:large, max-video-preview:-1\" \/>\n<link rel=\"canonical\" href=\"https:\/\/www.mjhs.org\/es\/newsroom\/christina-van-vort-named-new-chief-legal-officer-of-mjhs-health-system\/\" \/>\n<meta property=\"og:locale\" content=\"es_MX\" \/>\n<meta property=\"og:type\" content=\"article\" \/>\n<meta property=\"og:title\" content=\"Christina Van Vort fue nombrada nueva directora de Asuntos Legales del sistema de salud de MJHS | MJHS Health System\" \/>\n<meta property=\"og:url\" content=\"https:\/\/www.mjhs.org\/newsroom\/christina-van-vort-named-new-chief-legal-officer-of-mjhs-health-system\/\" \/>\n<meta property=\"og:site_name\" content=\"MJHS Health System\" \/>\n<meta property=\"article:publisher\" content=\"https:\/\/www.facebook.com\/MJHS01\/\" \/>\n<meta property=\"article:published_time\" content=\"2022-02-09T14:56:21+00:00\" \/>\n<meta property=\"article:modified_time\" content=\"2025-09-08T21:35:15+00:00\" \/>\n<meta property=\"og:image\" content=\"https:\/\/mjhs.imgix.net\/2022\/01\/tina_van_vort_500x500.jpg?fit=scale&amp;fm=pjpg&amp;h=1024&amp;w=1024\" \/>\n<meta name=\"author\" content=\"wpengine\" \/>\n<meta name=\"twitter:card\" content=\"summary_large_image\" \/>\n<meta name=\"twitter:creator\" content=\"@MJHS01\" \/>\n<meta name=\"twitter:site\" content=\"@MJHS01\" \/>\n<script type=\"application\/ld+json\" class=\"yoast-schema-graph\">{\"@context\":\"https:\\\/\\\/schema.org\",\"@graph\":[{\"@type\":\"Article\",\"@id\":\"https:\\\/\\\/www.mjhs.org\\\/newsroom\\\/christina-van-vort-named-new-chief-legal-officer-of-mjhs-health-system\\\/#article\",\"isPartOf\":{\"@id\":\"https:\\\/\\\/www.mjhs.org\\\/newsroom\\\/christina-van-vort-named-new-chief-legal-officer-of-mjhs-health-system\\\/\"},\"author\":{\"name\":\"wpengine\",\"@id\":\"https:\\\/\\\/www.mjhs.org\\\/#\\\/schema\\\/person\\\/d9d7b46a4e833449ba521854abff509a\"},\"headline\":\"Christina Van Vort fue nombrada nueva directora de Asuntos Legales del sistema de salud de MJHS\",\"datePublished\":\"2022-02-09T14:56:21+00:00\",\"dateModified\":\"2025-09-08T21:35:15+00:00\",\"mainEntityOfPage\":{\"@id\":\"https:\\\/\\\/www.mjhs.org\\\/newsroom\\\/christina-van-vort-named-new-chief-legal-officer-of-mjhs-health-system\\\/\"},\"wordCount\":682,\"commentCount\":0,\"publisher\":{\"@id\":\"https:\\\/\\\/www.mjhs.org\\\/#organization\"},\"image\":{\"@id\":\"https:\\\/\\\/www.mjhs.org\\\/newsroom\\\/christina-van-vort-named-new-chief-legal-officer-of-mjhs-health-system\\\/#primaryimage\"},\"thumbnailUrl\":\"https:\\\/\\\/mjhs.imgix.net\\\/2022\\\/01\\\/tina_van_vort_500x500.jpg?fit=scale&amp;fm=pjpg&amp;h=1024&amp;w=1024\",\"articleSection\":[\"Uncategorized\"],\"inLanguage\":\"es\",\"potentialAction\":[{\"@type\":\"CommentAction\",\"name\":\"Comment\",\"target\":[\"https:\\\/\\\/www.mjhs.org\\\/newsroom\\\/christina-van-vort-named-new-chief-legal-officer-of-mjhs-health-system\\\/#respond\"]}]},{\"@type\":\"WebPage\",\"@id\":\"https:\\\/\\\/www.mjhs.org\\\/newsroom\\\/christina-van-vort-named-new-chief-legal-officer-of-mjhs-health-system\\\/\",\"url\":\"https:\\\/\\\/www.mjhs.org\\\/newsroom\\\/christina-van-vort-named-new-chief-legal-officer-of-mjhs-health-system\\\/\",\"name\":\"Christina Van Vort fue nombrada nueva directora de Asuntos Legales del sistema de salud de MJHS | MJHS Health System\",\"isPartOf\":{\"@id\":\"https:\\\/\\\/www.mjhs.org\\\/#website\"},\"primaryImageOfPage\":{\"@id\":\"https:\\\/\\\/www.mjhs.org\\\/newsroom\\\/christina-van-vort-named-new-chief-legal-officer-of-mjhs-health-system\\\/#primaryimage\"},\"image\":{\"@id\":\"https:\\\/\\\/www.mjhs.org\\\/newsroom\\\/christina-van-vort-named-new-chief-legal-officer-of-mjhs-health-system\\\/#primaryimage\"},\"thumbnailUrl\":\"https:\\\/\\\/mjhs.imgix.net\\\/2022\\\/01\\\/tina_van_vort_500x500.jpg?fit=scale&amp;fm=pjpg&amp;h=1024&amp;w=1024\",\"datePublished\":\"2022-02-09T14:56:21+00:00\",\"dateModified\":\"2025-09-08T21:35:15+00:00\",\"breadcrumb\":{\"@id\":\"https:\\\/\\\/www.mjhs.org\\\/newsroom\\\/christina-van-vort-named-new-chief-legal-officer-of-mjhs-health-system\\\/#breadcrumb\"},\"inLanguage\":\"es\",\"potentialAction\":[{\"@type\":\"ReadAction\",\"target\":[\"https:\\\/\\\/www.mjhs.org\\\/newsroom\\\/christina-van-vort-named-new-chief-legal-officer-of-mjhs-health-system\\\/\"]}]},{\"@type\":\"ImageObject\",\"inLanguage\":\"es\",\"@id\":\"https:\\\/\\\/www.mjhs.org\\\/newsroom\\\/christina-van-vort-named-new-chief-legal-officer-of-mjhs-health-system\\\/#primaryimage\",\"url\":\"https:\\\/\\\/mjhs.imgix.net\\\/2022\\\/01\\\/tina_van_vort_500x500.jpg?fit=scale&amp;fm=pjpg&amp;h=1024&amp;w=1024\",\"contentUrl\":\"https:\\\/\\\/mjhs.imgix.net\\\/2022\\\/01\\\/tina_van_vort_500x500.jpg?fit=scale&amp;fm=pjpg&amp;h=1024&amp;w=1024\"},{\"@type\":\"BreadcrumbList\",\"@id\":\"https:\\\/\\\/www.mjhs.org\\\/newsroom\\\/christina-van-vort-named-new-chief-legal-officer-of-mjhs-health-system\\\/#breadcrumb\",\"itemListElement\":[{\"@type\":\"ListItem\",\"position\":1,\"name\":\"Home\",\"item\":\"https:\\\/\\\/www.mjhs.org\\\/\"},{\"@type\":\"ListItem\",\"position\":2,\"name\":\"Christina Van Vort Named New Chief Legal Officer of MJHS Health System\"}]},{\"@type\":\"WebSite\",\"@id\":\"https:\\\/\\\/www.mjhs.org\\\/#website\",\"url\":\"https:\\\/\\\/www.mjhs.org\\\/\",\"name\":\"MJHS Health System\",\"description\":\"Abriendo el Camino Hacia un Cuidado de Excelencia\",\"publisher\":{\"@id\":\"https:\\\/\\\/www.mjhs.org\\\/#organization\"},\"potentialAction\":[{\"@type\":\"SearchAction\",\"target\":{\"@type\":\"EntryPoint\",\"urlTemplate\":\"https:\\\/\\\/www.mjhs.org\\\/?s={search_term_string}\"},\"query-input\":{\"@type\":\"PropertyValueSpecification\",\"valueRequired\":true,\"valueName\":\"search_term_string\"}}],\"inLanguage\":\"es\"},{\"@type\":\"Organization\",\"@id\":\"https:\\\/\\\/www.mjhs.org\\\/#organization\",\"name\":\"MJHS Health System\",\"url\":\"https:\\\/\\\/www.mjhs.org\\\/\",\"logo\":{\"@type\":\"ImageObject\",\"inLanguage\":\"es\",\"@id\":\"https:\\\/\\\/www.mjhs.org\\\/#\\\/schema\\\/logo\\\/image\\\/\",\"url\":\"\\\/wp-content\\\/uploads\\\/2019\\\/07\\\/mjhs_logo_for_SEO.png\",\"contentUrl\":\"\\\/wp-content\\\/uploads\\\/2019\\\/07\\\/mjhs_logo_for_SEO.png\",\"width\":700,\"height\":296,\"caption\":\"MJHS Health System\"},\"image\":{\"@id\":\"https:\\\/\\\/www.mjhs.org\\\/#\\\/schema\\\/logo\\\/image\\\/\"},\"sameAs\":[\"https:\\\/\\\/www.facebook.com\\\/MJHS01\\\/\",\"https:\\\/\\\/x.com\\\/MJHS01\"]},{\"@type\":\"Person\",\"@id\":\"https:\\\/\\\/www.mjhs.org\\\/#\\\/schema\\\/person\\\/d9d7b46a4e833449ba521854abff509a\",\"name\":\"wpengine\",\"image\":{\"@type\":\"ImageObject\",\"inLanguage\":\"es\",\"@id\":\"https:\\\/\\\/secure.gravatar.com\\\/avatar\\\/d8770fe9625ca7c4601f13d9d0ab86565a6dac8cd6a77bfe2ada6d83c6837870?s=96&d=mm&r=g\",\"url\":\"https:\\\/\\\/secure.gravatar.com\\\/avatar\\\/d8770fe9625ca7c4601f13d9d0ab86565a6dac8cd6a77bfe2ada6d83c6837870?s=96&d=mm&r=g\",\"contentUrl\":\"https:\\\/\\\/secure.gravatar.com\\\/avatar\\\/d8770fe9625ca7c4601f13d9d0ab86565a6dac8cd6a77bfe2ada6d83c6837870?s=96&d=mm&r=g\",\"caption\":\"wpengine\"}}]}<\/script>","yoast_head_json":{"title":"Christina Van Vort fue nombrada nueva directora de Asuntos Legales del sistema de salud de MJHS | MJHS Health System","robots":{"index":"index","follow":"follow","max-snippet":"max-snippet:-1","max-image-preview":"max-image-preview:large","max-video-preview":"max-video-preview:-1"},"canonical":"https:\/\/www.mjhs.org\/es\/newsroom\/christina-van-vort-named-new-chief-legal-officer-of-mjhs-health-system\/","og_locale":"es_MX","og_type":"article","og_title":"Christina Van Vort fue nombrada nueva directora de Asuntos Legales del sistema de salud de MJHS | MJHS Health System","og_url":"https:\/\/www.mjhs.org\/newsroom\/christina-van-vort-named-new-chief-legal-officer-of-mjhs-health-system\/","og_site_name":"MJHS Health System","article_publisher":"https:\/\/www.facebook.com\/MJHS01\/","article_published_time":"2022-02-09T14:56:21+00:00","article_modified_time":"2025-09-08T21:35:15+00:00","og_image":[{"url":"https:\/\/mjhs.imgix.net\/2022\/01\/tina_van_vort_500x500.jpg?fit=scale&amp;fm=pjpg&amp;h=1024&amp;w=1024","type":"","width":"","height":""}],"author":"wpengine","twitter_card":"summary_large_image","twitter_creator":"@MJHS01","twitter_site":"@MJHS01","schema":{"@context":"https:\/\/schema.org","@graph":[{"@type":"Article","@id":"https:\/\/www.mjhs.org\/newsroom\/christina-van-vort-named-new-chief-legal-officer-of-mjhs-health-system\/#article","isPartOf":{"@id":"https:\/\/www.mjhs.org\/newsroom\/christina-van-vort-named-new-chief-legal-officer-of-mjhs-health-system\/"},"author":{"name":"wpengine","@id":"https:\/\/www.mjhs.org\/#\/schema\/person\/d9d7b46a4e833449ba521854abff509a"},"headline":"Christina Van Vort fue nombrada nueva directora de Asuntos Legales del sistema de salud de MJHS","datePublished":"2022-02-09T14:56:21+00:00","dateModified":"2025-09-08T21:35:15+00:00","mainEntityOfPage":{"@id":"https:\/\/www.mjhs.org\/newsroom\/christina-van-vort-named-new-chief-legal-officer-of-mjhs-health-system\/"},"wordCount":682,"commentCount":0,"publisher":{"@id":"https:\/\/www.mjhs.org\/#organization"},"image":{"@id":"https:\/\/www.mjhs.org\/newsroom\/christina-van-vort-named-new-chief-legal-officer-of-mjhs-health-system\/#primaryimage"},"thumbnailUrl":"https:\/\/mjhs.imgix.net\/2022\/01\/tina_van_vort_500x500.jpg?fit=scale&amp;fm=pjpg&amp;h=1024&amp;w=1024","articleSection":["Uncategorized"],"inLanguage":"es","potentialAction":[{"@type":"CommentAction","name":"Comment","target":["https:\/\/www.mjhs.org\/newsroom\/christina-van-vort-named-new-chief-legal-officer-of-mjhs-health-system\/#respond"]}]},{"@type":"WebPage","@id":"https:\/\/www.mjhs.org\/newsroom\/christina-van-vort-named-new-chief-legal-officer-of-mjhs-health-system\/","url":"https:\/\/www.mjhs.org\/newsroom\/christina-van-vort-named-new-chief-legal-officer-of-mjhs-health-system\/","name":"Christina Van Vort fue nombrada nueva directora de Asuntos Legales del sistema de salud de MJHS | MJHS Health System","isPartOf":{"@id":"https:\/\/www.mjhs.org\/#website"},"primaryImageOfPage":{"@id":"https:\/\/www.mjhs.org\/newsroom\/christina-van-vort-named-new-chief-legal-officer-of-mjhs-health-system\/#primaryimage"},"image":{"@id":"https:\/\/www.mjhs.org\/newsroom\/christina-van-vort-named-new-chief-legal-officer-of-mjhs-health-system\/#primaryimage"},"thumbnailUrl":"https:\/\/mjhs.imgix.net\/2022\/01\/tina_van_vort_500x500.jpg?fit=scale&amp;fm=pjpg&amp;h=1024&amp;w=1024","datePublished":"2022-02-09T14:56:21+00:00","dateModified":"2025-09-08T21:35:15+00:00","breadcrumb":{"@id":"https:\/\/www.mjhs.org\/newsroom\/christina-van-vort-named-new-chief-legal-officer-of-mjhs-health-system\/#breadcrumb"},"inLanguage":"es","potentialAction":[{"@type":"ReadAction","target":["https:\/\/www.mjhs.org\/newsroom\/christina-van-vort-named-new-chief-legal-officer-of-mjhs-health-system\/"]}]},{"@type":"ImageObject","inLanguage":"es","@id":"https:\/\/www.mjhs.org\/newsroom\/christina-van-vort-named-new-chief-legal-officer-of-mjhs-health-system\/#primaryimage","url":"https:\/\/mjhs.imgix.net\/2022\/01\/tina_van_vort_500x500.jpg?fit=scale&amp;fm=pjpg&amp;h=1024&amp;w=1024","contentUrl":"https:\/\/mjhs.imgix.net\/2022\/01\/tina_van_vort_500x500.jpg?fit=scale&amp;fm=pjpg&amp;h=1024&amp;w=1024"},{"@type":"BreadcrumbList","@id":"https:\/\/www.mjhs.org\/newsroom\/christina-van-vort-named-new-chief-legal-officer-of-mjhs-health-system\/#breadcrumb","itemListElement":[{"@type":"ListItem","position":1,"name":"Home","item":"https:\/\/www.mjhs.org\/"},{"@type":"ListItem","position":2,"name":"Christina Van Vort Named New Chief Legal Officer of MJHS Health System"}]},{"@type":"WebSite","@id":"https:\/\/www.mjhs.org\/#website","url":"https:\/\/www.mjhs.org\/","name":"MJHS Health System","description":"Abriendo el Camino Hacia un Cuidado de Excelencia","publisher":{"@id":"https:\/\/www.mjhs.org\/#organization"},"potentialAction":[{"@type":"SearchAction","target":{"@type":"EntryPoint","urlTemplate":"https:\/\/www.mjhs.org\/?s={search_term_string}"},"query-input":{"@type":"PropertyValueSpecification","valueRequired":true,"valueName":"search_term_string"}}],"inLanguage":"es"},{"@type":"Organization","@id":"https:\/\/www.mjhs.org\/#organization","name":"MJHS Health System","url":"https:\/\/www.mjhs.org\/","logo":{"@type":"ImageObject","inLanguage":"es","@id":"https:\/\/www.mjhs.org\/#\/schema\/logo\/image\/","url":"\/wp-content\/uploads\/2019\/07\/mjhs_logo_for_SEO.png","contentUrl":"\/wp-content\/uploads\/2019\/07\/mjhs_logo_for_SEO.png","width":700,"height":296,"caption":"MJHS Health System"},"image":{"@id":"https:\/\/www.mjhs.org\/#\/schema\/logo\/image\/"},"sameAs":["https:\/\/www.facebook.com\/MJHS01\/","https:\/\/x.com\/MJHS01"]},{"@type":"Person","@id":"https:\/\/www.mjhs.org\/#\/schema\/person\/d9d7b46a4e833449ba521854abff509a","name":"wpengine","image":{"@type":"ImageObject","inLanguage":"es","@id":"https:\/\/secure.gravatar.com\/avatar\/d8770fe9625ca7c4601f13d9d0ab86565a6dac8cd6a77bfe2ada6d83c6837870?s=96&d=mm&r=g","url":"https:\/\/secure.gravatar.com\/avatar\/d8770fe9625ca7c4601f13d9d0ab86565a6dac8cd6a77bfe2ada6d83c6837870?s=96&d=mm&r=g","contentUrl":"https:\/\/secure.gravatar.com\/avatar\/d8770fe9625ca7c4601f13d9d0ab86565a6dac8cd6a77bfe2ada6d83c6837870?s=96&d=mm&r=g","caption":"wpengine"}}]}},"jetpack_featured_media_url":"","jetpack_sharing_enabled":true,"_links":{"self":[{"href":"https:\/\/www.mjhs.org\/es\/wp-json\/wp\/v2\/posts\/38750","targetHints":{"allow":["GET"]}}],"collection":[{"href":"https:\/\/www.mjhs.org\/es\/wp-json\/wp\/v2\/posts"}],"about":[{"href":"https:\/\/www.mjhs.org\/es\/wp-json\/wp\/v2\/types\/post"}],"author":[{"embeddable":true,"href":"https:\/\/www.mjhs.org\/es\/wp-json\/wp\/v2\/users\/14"}],"replies":[{"embeddable":true,"href":"https:\/\/www.mjhs.org\/es\/wp-json\/wp\/v2\/comments?post=38750"}],"version-history":[{"count":0,"href":"https:\/\/www.mjhs.org\/es\/wp-json\/wp\/v2\/posts\/38750\/revisions"}],"wp:attachment":[{"href":"https:\/\/www.mjhs.org\/es\/wp-json\/wp\/v2\/media?parent=38750"}],"wp:term":[{"taxonomy":"category","embeddable":true,"href":"https:\/\/www.mjhs.org\/es\/wp-json\/wp\/v2\/categories?post=38750"}],"curies":[{"name":"wp","href":"https:\/\/api.w.org\/{rel}","templated":true}]}}